{"id":65,"date":"2017-07-10T10:20:48","date_gmt":"2017-07-10T10:20:48","guid":{"rendered":"https:\/\/serviciossociales.nerja.es\/?p=65"},"modified":"2017-07-10T10:21:02","modified_gmt":"2017-07-10T10:21:02","slug":"se-celebra-la-anual-convivencia-de-mayores-de-nerja-y-maro","status":"publish","type":"post","link":"https:\/\/serviciossociales.nerja.es\/?p=65","title":{"rendered":"Se celebra la anual convivencia de mayores de Nerja y Maro"},"content":{"rendered":"<p>Patricia Guti\u00e9rrez, concejala de Mayores, visit\u00f3 el pasado s\u00e1bado, 1 de julio, la jornada anual de convivencia de diferentes asociaciones de mayores del municipio de Nerja. Fueron las risas, la m\u00fasica, la rica gastronom\u00eda y el buen ambiente los invitados m\u00e1s importantes de la jornada.<\/p>\n<p>La concejala felicita a estas asociaciones por su implicaci\u00f3n en las diferentes actividades municipales y por la actitud y esp\u00edritu de participaci\u00f3n que poseen.<\/p>\n","protected":false},"excerpt":{"rendered":"<p>Patricia Guti\u00e9rrez, concejala de Mayores, visit\u00f3 el pasado s\u00e1bado, 1 de julio, la jornada anual de convivencia de diferentes asociaciones de mayores del municipio de Nerja. Fueron las risas, la m\u00fasica, la rica gastronom\u00eda y el buen ambiente los invitados m\u00e1s importantes de la jornada. La concejala felicita a estas asociaciones por su implicaci\u00f3n en [&hellip;]<\/p>\n","protected":false},"author":1,"featured_media":66,"comment_status":"closed","ping_status":"closed","sticky":false,"template":"","format":"standard","meta":{"footnotes":""},"categories":[2],"tags":[],"class_list":["post-65","post","type-post","status-publish","format-standard","has-post-thumbnail","hentry","category-noticias","has-thumb"],"_links":{"self":[{"href":"https:\/\/serviciossociales.nerja.es\/index.php?rest_route=\/wp\/v2\/posts\/65","targetHints":{"allow":["GET"]}}],"collection":[{"href":"https:\/\/serviciossociales.nerja.es\/index.php?rest_route=\/wp\/v2\/posts"}],"about":[{"href":"https:\/\/serviciossociales.nerja.es\/index.php?rest_route=\/wp\/v2\/types\/post"}],"author":[{"embeddable":true,"href":"https:\/\/serviciossociales.nerja.es\/index.php?rest_route=\/wp\/v2\/users\/1"}],"replies":[{"embeddable":true,"href":"https:\/\/serviciossociales.nerja.es\/index.php?rest_route=%2Fwp%2Fv2%2Fcomments&post=65"}],"version-history":[{"count":1,"href":"https:\/\/serviciossociales.nerja.es\/index.php?rest_route=\/wp\/v2\/posts\/65\/revisions"}],"predecessor-version":[{"id":67,"href":"https:\/\/serviciossociales.nerja.es\/index.php?rest_route=\/wp\/v2\/posts\/65\/revisions\/67"}],"wp:featuredmedia":[{"embeddable":true,"href":"https:\/\/serviciossociales.nerja.es\/index.php?rest_route=\/wp\/v2\/media\/66"}],"wp:attachment":[{"href":"https:\/\/serviciossociales.nerja.es\/index.php?rest_route=%2Fwp%2Fv2%2Fmedia&parent=65"}],"wp:term":[{"taxonomy":"category","embeddable":true,"href":"https:\/\/serviciossociales.nerja.es\/index.php?rest_route=%2Fwp%2Fv2%2Fcategories&post=65"},{"taxonomy":"post_tag","embeddable":true,"href":"https:\/\/serviciossociales.nerja.es\/index.php?rest_route=%2Fwp%2Fv2%2Ftags&post=65"}],"curies":[{"name":"wp","href":"https:\/\/api.w.org\/{rel}","templated":true}]}}