{"id":198,"date":"2017-12-22T11:46:26","date_gmt":"2017-12-22T11:46:26","guid":{"rendered":"https:\/\/serviciossociales.nerja.es\/?p=198"},"modified":"2017-12-22T11:46:26","modified_gmt":"2017-12-22T11:46:26","slug":"bienestar-social-y-la-caixa-reparten-100-cestas-de-navidad-en-el-municipio-nerjeno","status":"publish","type":"post","link":"https:\/\/serviciossociales.nerja.es\/?p=198","title":{"rendered":"Bienestar Social y La Caixa reparten 100 cestas de Navidad en el municipio nerje\u00f1o"},"content":{"rendered":"<p>Nerja,\u00a0 jueves 21 de diciembre de 2017.- Esta ma\u00f1ana en el Sal\u00f3n de Plenos del Ayuntamiento de Nerja, Cristina Fern\u00e1ndez, delegada del \u00e1rea de Bienestar Social, Mar\u00eda Paz Gallego y Samuel Gonz\u00e1lez, de CaixaBank, han presentado las cestas de navidad que se entregar\u00e1n durante hoy y ma\u00f1ana a 100 familias del municipio.<\/p>\n<p>La Obra Social \u201dla Caixa\u201d dona\u00a06.000 euros para favorecer a familias de Nerja en riesgo de exclusi\u00f3n social, cantidad econ\u00f3mica que se traduce en las 100 cestas de Navidad que se repartir\u00e1n a las familias de la localidad nerje\u00f1a.<\/p>\n<p>La directora de la oficina de CaixaBank sita en Plaza Cavana ha expresado su satisfacci\u00f3n por participar activamente de esta iniciativa \u201cque va a permitir que estos d\u00edas tan especiales sean m\u00e1s llevaderos para algunos vecinos de nuestra localidad\u201d. Por su parte, la concejala de Bienestar Social de Nerja ha se\u00f1alado que \u201cesperamos que esta acci\u00f3n contin\u00fae por vuestra parte ya que es muy importante, y m\u00e1s en estas fechas tan especiales&#8221;.<\/p>\n<p>Esta iniciativa se ha convertido en una tradici\u00f3n navide\u00f1a en la localidad, pues desde el a\u00f1o 2013 la Obra Social \u201cla Caixa\u201d viene entregando estas cestas a las familias m\u00e1s necesitadas de Nerja.<\/p>\n","protected":false},"excerpt":{"rendered":"<p>Nerja,\u00a0 jueves 21 de diciembre de 2017.- Esta ma\u00f1ana en el Sal\u00f3n de Plenos del Ayuntamiento de Nerja, Cristina Fern\u00e1ndez, delegada del \u00e1rea de Bienestar Social, Mar\u00eda Paz Gallego y Samuel Gonz\u00e1lez, de CaixaBank, han presentado las cestas de navidad que se entregar\u00e1n durante hoy y ma\u00f1ana a 100 familias del municipio. La Obra Social [&hellip;]<\/p>\n","protected":false},"author":2,"featured_media":199,"comment_status":"closed","ping_status":"closed","sticky":false,"template":"","format":"standard","meta":{"footnotes":""},"categories":[2],"tags":[],"class_list":["post-198","post","type-post","status-publish","format-standard","has-post-thumbnail","hentry","category-noticias","has-thumb"],"_links":{"self":[{"href":"https:\/\/serviciossociales.nerja.es\/index.php?rest_route=\/wp\/v2\/posts\/198","targetHints":{"allow":["GET"]}}],"collection":[{"href":"https:\/\/serviciossociales.nerja.es\/index.php?rest_route=\/wp\/v2\/posts"}],"about":[{"href":"https:\/\/serviciossociales.nerja.es\/index.php?rest_route=\/wp\/v2\/types\/post"}],"author":[{"embeddable":true,"href":"https:\/\/serviciossociales.nerja.es\/index.php?rest_route=\/wp\/v2\/users\/2"}],"replies":[{"embeddable":true,"href":"https:\/\/serviciossociales.nerja.es\/index.php?rest_route=%2Fwp%2Fv2%2Fcomments&post=198"}],"version-history":[{"count":1,"href":"https:\/\/serviciossociales.nerja.es\/index.php?rest_route=\/wp\/v2\/posts\/198\/revisions"}],"predecessor-version":[{"id":200,"href":"https:\/\/serviciossociales.nerja.es\/index.php?rest_route=\/wp\/v2\/posts\/198\/revisions\/200"}],"wp:featuredmedia":[{"embeddable":true,"href":"https:\/\/serviciossociales.nerja.es\/index.php?rest_route=\/wp\/v2\/media\/199"}],"wp:attachment":[{"href":"https:\/\/serviciossociales.nerja.es\/index.php?rest_route=%2Fwp%2Fv2%2Fmedia&parent=198"}],"wp:term":[{"taxonomy":"category","embeddable":true,"href":"https:\/\/serviciossociales.nerja.es\/index.php?rest_route=%2Fwp%2Fv2%2Fcategories&post=198"},{"taxonomy":"post_tag","embeddable":true,"href":"https:\/\/serviciossociales.nerja.es\/index.php?rest_route=%2Fwp%2Fv2%2Ftags&post=198"}],"curies":[{"name":"wp","href":"https:\/\/api.w.org\/{rel}","templated":true}]}}