{"id":196,"date":"2017-12-19T14:09:38","date_gmt":"2017-12-19T14:09:38","guid":{"rendered":"https:\/\/serviciossociales.nerja.es\/?p=196"},"modified":"2017-12-19T14:12:55","modified_gmt":"2017-12-19T14:12:55","slug":"abierto-el-plazo-para-participar-en-el-programa-extraordinario-de-ayuda-a-la-contratacion-2017","status":"publish","type":"post","link":"https:\/\/serviciossociales.nerja.es\/?p=196","title":{"rendered":"Abierto el plazo para participar en el Programa Extraordinario de Ayuda a la Contrataci\u00f3n 2017"},"content":{"rendered":"<p>Abierto el plazo para participar en el Programa Extraordinario de Ayuda a la Contrataci\u00f3n 2017 del Excmo. Ayuntamiento de Nerja para la contrataci\u00f3n de personas desempleadas.<\/p>\n<p>Las personas interesadas que cumplan los requisitos podr\u00e1n presentar el modelo de solicitud y la documentaci\u00f3n pertinente, en el Centro de Servicios Sociales Comunitarios, sito en calle Ch\u00edllar n\u00fam. 9, as\u00ed como en el registro de entrada del Excmo. Ayuntamiento de Nerja.<\/p>\n<p>El plazo de presentaci\u00f3n de solicitudes ser\u00e1 desde el <strong>20 de diciembre de 2017 hasta el 18 de enero de 2018<\/strong>.<\/p>\n<p>M\u00e1s informaci\u00f3n en la p\u00e1gina web del Ayuntamiento. www.nerja.es<\/p>\n","protected":false},"excerpt":{"rendered":"<p>Abierto el plazo para participar en el Programa Extraordinario de Ayuda a la Contrataci\u00f3n 2017 del Excmo. Ayuntamiento de Nerja para la contrataci\u00f3n de personas desempleadas. Las personas interesadas que cumplan los requisitos podr\u00e1n presentar el modelo de solicitud y la documentaci\u00f3n pertinente, en el Centro de Servicios Sociales Comunitarios, sito en calle Ch\u00edllar n\u00fam. [&hellip;]<\/p>\n","protected":false},"author":2,"featured_media":192,"comment_status":"closed","ping_status":"closed","sticky":false,"template":"","format":"standard","meta":{"footnotes":""},"categories":[2],"tags":[],"class_list":["post-196","post","type-post","status-publish","format-standard","has-post-thumbnail","hentry","category-noticias","has-thumb"],"_links":{"self":[{"href":"https:\/\/serviciossociales.nerja.es\/index.php?rest_route=\/wp\/v2\/posts\/196","targetHints":{"allow":["GET"]}}],"collection":[{"href":"https:\/\/serviciossociales.nerja.es\/index.php?rest_route=\/wp\/v2\/posts"}],"about":[{"href":"https:\/\/serviciossociales.nerja.es\/index.php?rest_route=\/wp\/v2\/types\/post"}],"author":[{"embeddable":true,"href":"https:\/\/serviciossociales.nerja.es\/index.php?rest_route=\/wp\/v2\/users\/2"}],"replies":[{"embeddable":true,"href":"https:\/\/serviciossociales.nerja.es\/index.php?rest_route=%2Fwp%2Fv2%2Fcomments&post=196"}],"version-history":[{"count":1,"href":"https:\/\/serviciossociales.nerja.es\/index.php?rest_route=\/wp\/v2\/posts\/196\/revisions"}],"predecessor-version":[{"id":197,"href":"https:\/\/serviciossociales.nerja.es\/index.php?rest_route=\/wp\/v2\/posts\/196\/revisions\/197"}],"wp:featuredmedia":[{"embeddable":true,"href":"https:\/\/serviciossociales.nerja.es\/index.php?rest_route=\/wp\/v2\/media\/192"}],"wp:attachment":[{"href":"https:\/\/serviciossociales.nerja.es\/index.php?rest_route=%2Fwp%2Fv2%2Fmedia&parent=196"}],"wp:term":[{"taxonomy":"category","embeddable":true,"href":"https:\/\/serviciossociales.nerja.es\/index.php?rest_route=%2Fwp%2Fv2%2Fcategories&post=196"},{"taxonomy":"post_tag","embeddable":true,"href":"https:\/\/serviciossociales.nerja.es\/index.php?rest_route=%2Fwp%2Fv2%2Ftags&post=196"}],"curies":[{"name":"wp","href":"https:\/\/api.w.org\/{rel}","templated":true}]}}